{"id":12081,"date":"2024-04-08T14:16:00","date_gmt":"2024-04-08T14:16:00","guid":{"rendered":"https:\/\/gierrescale.com\/2024\/04\/08\/gierre-partecipera-al-siferr-2024\/"},"modified":"2025-05-07T18:29:47","modified_gmt":"2025-05-07T18:29:47","slug":"gierre-partecipera-al-siferr-2024","status":"publish","type":"post","link":"https:\/\/www.gierrescale.com\/fr\/2024\/04\/08\/gierre-partecipera-al-siferr-2024\/","title":{"rendered":"Gierre liera au SiFerr 2024"},"content":{"rendered":"\n<p>Gierre participera au SiFerr, le salon international de r\u00e9f\u00e9rence pour la quincaillerie et la couleur, qui se tiendra les 11 et 12 mai \u00e0 Naples, \u00e0 la Mostra D&rsquo;Oltremare.<br>SiFerr 2024 \u00e0 Naples est l&rsquo;\u00e9v\u00e9nement de r\u00e9f\u00e9rence pour tout le march\u00e9 de l&rsquo;Italie centrale et m\u00e9ridionale et au-del\u00e0.<\/p>\n\n\n\n<p>Notre stand, qui se trouvera dans le hall 4, stand 400-407, pr\u00e9sentera les nouveaut\u00e9s 2024 :<br>Les nouvelles \u00e9chelles domestiques Stabila \u00e0 usage semi-professionnel fabriqu\u00e9es en Italie avec des marches de 11 cm et 8 cm et la nouvelle plate-forme l\u00e9g\u00e8re en polypropyl\u00e8ne et fibre de verre.<br>Les nouvelles \u00e9chelles t\u00e9lescopiques avec les caract\u00e9ristiques d&rsquo;articulation brevet\u00e9es par Gierre : faciles, s\u00fbres et ergonomiques.<br>La gamme de tabourets en acier et en aluminium, l&rsquo;une des plus compl\u00e8tes du march\u00e9.<\/p>\n\n\n\n<p>En plus des nouveaut\u00e9s, nous exposerons nos produits historiques et les plus populaires sur le march\u00e9 italien : les \u00e9chelles t\u00e9lescopiques, les \u00e9chelles domestiques, les tr\u00e9teaux et les tours mobiles, les \u00e9chelles transformables.<\/p>\n\n\n\n<p>O\u00f9 trouver l&rsquo;\u00e9chelle Gierre \u00e0 la Foire SiFerr ?<br>Le stand de Gierre scale se trouve dans le hall 4, stand 400-407.&nbsp;<br>La foire sera ouverte le samedi 11 et le dimanche 12 mai 2024 avec les horaires d&rsquo;ouverture suivants :<\/p>\n\n\n\n<p>Samedi 11 de 9h30 \u00e0 18h30<br>Dimanche 12 de 9h30 \u00e0 18h00<\/p>\n\n\n\n<p>Traduit avec DeepL.com (version gratuite)<\/p>\n","protected":false},"excerpt":{"rendered":"<p>Gierre participera au SiFerr, le salon international de r\u00e9f\u00e9rence pour la quincaillerie et la couleur, qui se tiendra les 11 et 12 mai \u00e0 Naples, \u00e0 la Mostra D&rsquo;Oltremare.SiFerr 2024 \u00e0 Naples est l&rsquo;\u00e9v\u00e9nement de r\u00e9f\u00e9rence pour tout le march\u00e9 de l&rsquo;Italie centrale et m\u00e9ridionale et au-del\u00e0. Notre stand, qui se trouvera dans le hall [&hellip;]<\/p>\n","protected":false},"author":2,"featured_media":11856,"comment_status":"open","ping_status":"open","sticky":false,"template":"","format":"standard","meta":{"_acf_changed":false,"footnotes":""},"categories":[4],"tags":[],"class_list":["post-12081","post","type-post","status-publish","format-standard","has-post-thumbnail","hentry","category-non-categorise"],"acf":[],"yoast_head":"<!-- This site is optimized with the Yoast SEO plugin v23.0 - https:\/\/yoast.com\/wordpress\/plugins\/seo\/ -->\n<title>Gierre liera au SiFerr 2024 - Gierre Scale<\/title>\n<meta name=\"robots\" content=\"index, follow, max-snippet:-1, max-image-preview:large, max-video-preview:-1\" \/>\n<link rel=\"canonical\" href=\"https:\/\/www.gierrescale.com\/fr\/2024\/04\/08\/gierre-partecipera-al-siferr-2024\/\" \/>\n<meta property=\"og:locale\" content=\"fr_FR\" \/>\n<meta property=\"og:type\" content=\"article\" \/>\n<meta property=\"og:title\" content=\"Gierre liera au SiFerr 2024 - Gierre Scale\" \/>\n<meta property=\"og:description\" content=\"Gierre participera au SiFerr, le salon international de r\u00e9f\u00e9rence pour la quincaillerie et la couleur, qui se tiendra les 11 et 12 mai \u00e0 Naples, \u00e0 la Mostra D&rsquo;Oltremare.SiFerr 2024 \u00e0 Naples est l&rsquo;\u00e9v\u00e9nement de r\u00e9f\u00e9rence pour tout le march\u00e9 de l&rsquo;Italie centrale et m\u00e9ridionale et au-del\u00e0. Notre stand, qui se trouvera dans le hall [&hellip;]\" \/>\n<meta property=\"og:url\" content=\"https:\/\/www.gierrescale.com\/fr\/2024\/04\/08\/gierre-partecipera-al-siferr-2024\/\" \/>\n<meta property=\"og:site_name\" content=\"Gierre Scale\" \/>\n<meta property=\"article:published_time\" content=\"2024-04-08T14:16:00+00:00\" \/>\n<meta property=\"article:modified_time\" content=\"2025-05-07T18:29:47+00:00\" \/>\n<meta property=\"og:image\" content=\"https:\/\/www.gierrescale.com\/wp-content\/uploads\/2025\/05\/BANNER_SITO_1712584108.jpg\" \/>\n\t<meta property=\"og:image:width\" content=\"1100\" \/>\n\t<meta property=\"og:image:height\" content=\"550\" \/>\n\t<meta property=\"og:image:type\" content=\"image\/jpeg\" \/>\n<meta name=\"author\" content=\"Federico Anelli\" \/>\n<meta name=\"twitter:card\" content=\"summary_large_image\" \/>\n<meta name=\"twitter:label1\" content=\"Written by\" \/>\n\t<meta name=\"twitter:data1\" content=\"Federico Anelli\" \/>\n\t<meta name=\"twitter:label2\" content=\"Est. reading time\" \/>\n\t<meta name=\"twitter:data2\" content=\"2 minutes\" \/>\n<script type=\"application\/ld+json\" class=\"yoast-schema-graph\">{\"@context\":\"https:\/\/schema.org\",\"@graph\":[{\"@type\":\"WebPage\",\"@id\":\"https:\/\/www.gierrescale.com\/fr\/2024\/04\/08\/gierre-partecipera-al-siferr-2024\/\",\"url\":\"https:\/\/www.gierrescale.com\/fr\/2024\/04\/08\/gierre-partecipera-al-siferr-2024\/\",\"name\":\"Gierre liera au SiFerr 2024 - Gierre Scale\",\"isPartOf\":{\"@id\":\"https:\/\/www.gierrescale.com\/fr\/#website\"},\"primaryImageOfPage\":{\"@id\":\"https:\/\/www.gierrescale.com\/fr\/2024\/04\/08\/gierre-partecipera-al-siferr-2024\/#primaryimage\"},\"image\":{\"@id\":\"https:\/\/www.gierrescale.com\/fr\/2024\/04\/08\/gierre-partecipera-al-siferr-2024\/#primaryimage\"},\"thumbnailUrl\":\"https:\/\/www.gierrescale.com\/wp-content\/uploads\/2025\/05\/BANNER_SITO_1712584108.jpg\",\"datePublished\":\"2024-04-08T14:16:00+00:00\",\"dateModified\":\"2025-05-07T18:29:47+00:00\",\"author\":{\"@id\":\"https:\/\/www.gierrescale.com\/fr\/#\/schema\/person\/3599ca42acd7af7b522e60b756854692\"},\"breadcrumb\":{\"@id\":\"https:\/\/www.gierrescale.com\/fr\/2024\/04\/08\/gierre-partecipera-al-siferr-2024\/#breadcrumb\"},\"inLanguage\":\"fr-FR\",\"potentialAction\":[{\"@type\":\"ReadAction\",\"target\":[\"https:\/\/www.gierrescale.com\/fr\/2024\/04\/08\/gierre-partecipera-al-siferr-2024\/\"]}]},{\"@type\":\"ImageObject\",\"inLanguage\":\"fr-FR\",\"@id\":\"https:\/\/www.gierrescale.com\/fr\/2024\/04\/08\/gierre-partecipera-al-siferr-2024\/#primaryimage\",\"url\":\"https:\/\/www.gierrescale.com\/wp-content\/uploads\/2025\/05\/BANNER_SITO_1712584108.jpg\",\"contentUrl\":\"https:\/\/www.gierrescale.com\/wp-content\/uploads\/2025\/05\/BANNER_SITO_1712584108.jpg\",\"width\":1100,\"height\":550},{\"@type\":\"BreadcrumbList\",\"@id\":\"https:\/\/www.gierrescale.com\/fr\/2024\/04\/08\/gierre-partecipera-al-siferr-2024\/#breadcrumb\",\"itemListElement\":[{\"@type\":\"ListItem\",\"position\":1,\"name\":\"Home\",\"item\":\"https:\/\/www.gierrescale.com\/fr\/\"},{\"@type\":\"ListItem\",\"position\":2,\"name\":\"Gierre liera au SiFerr 2024\"}]},{\"@type\":\"WebSite\",\"@id\":\"https:\/\/www.gierrescale.com\/fr\/#website\",\"url\":\"https:\/\/www.gierrescale.com\/fr\/\",\"name\":\"Gierre Scale\",\"description\":\"Italiani, produttori e pionieri, dal 1980\",\"potentialAction\":[{\"@type\":\"SearchAction\",\"target\":{\"@type\":\"EntryPoint\",\"urlTemplate\":\"https:\/\/www.gierrescale.com\/fr\/?s={search_term_string}\"},\"query-input\":\"required name=search_term_string\"}],\"inLanguage\":\"fr-FR\"},{\"@type\":\"Person\",\"@id\":\"https:\/\/www.gierrescale.com\/fr\/#\/schema\/person\/3599ca42acd7af7b522e60b756854692\",\"name\":\"Federico Anelli\",\"image\":{\"@type\":\"ImageObject\",\"inLanguage\":\"fr-FR\",\"@id\":\"https:\/\/www.gierrescale.com\/fr\/#\/schema\/person\/image\/\",\"url\":\"https:\/\/secure.gravatar.com\/avatar\/a5457a3a524e2a11a88c89191bca0b628b1ae1668dc42dadffd00b25b52af30e?s=96&d=mm&r=g\",\"contentUrl\":\"https:\/\/secure.gravatar.com\/avatar\/a5457a3a524e2a11a88c89191bca0b628b1ae1668dc42dadffd00b25b52af30e?s=96&d=mm&r=g\",\"caption\":\"Federico Anelli\"},\"url\":\"https:\/\/www.gierrescale.com\/fr\/author\/federico\/\"}]}<\/script>\n<!-- \/ Yoast SEO plugin. -->","yoast_head_json":{"title":"Gierre liera au SiFerr 2024 - Gierre Scale","robots":{"index":"index","follow":"follow","max-snippet":"max-snippet:-1","max-image-preview":"max-image-preview:large","max-video-preview":"max-video-preview:-1"},"canonical":"https:\/\/www.gierrescale.com\/fr\/2024\/04\/08\/gierre-partecipera-al-siferr-2024\/","og_locale":"fr_FR","og_type":"article","og_title":"Gierre liera au SiFerr 2024 - Gierre Scale","og_description":"Gierre participera au SiFerr, le salon international de r\u00e9f\u00e9rence pour la quincaillerie et la couleur, qui se tiendra les 11 et 12 mai \u00e0 Naples, \u00e0 la Mostra D&rsquo;Oltremare.SiFerr 2024 \u00e0 Naples est l&rsquo;\u00e9v\u00e9nement de r\u00e9f\u00e9rence pour tout le march\u00e9 de l&rsquo;Italie centrale et m\u00e9ridionale et au-del\u00e0. Notre stand, qui se trouvera dans le hall [&hellip;]","og_url":"https:\/\/www.gierrescale.com\/fr\/2024\/04\/08\/gierre-partecipera-al-siferr-2024\/","og_site_name":"Gierre Scale","article_published_time":"2024-04-08T14:16:00+00:00","article_modified_time":"2025-05-07T18:29:47+00:00","og_image":[{"width":1100,"height":550,"url":"https:\/\/www.gierrescale.com\/wp-content\/uploads\/2025\/05\/BANNER_SITO_1712584108.jpg","type":"image\/jpeg"}],"author":"Federico Anelli","twitter_card":"summary_large_image","twitter_misc":{"Written by":"Federico Anelli","Est. reading time":"2 minutes"},"schema":{"@context":"https:\/\/schema.org","@graph":[{"@type":"WebPage","@id":"https:\/\/www.gierrescale.com\/fr\/2024\/04\/08\/gierre-partecipera-al-siferr-2024\/","url":"https:\/\/www.gierrescale.com\/fr\/2024\/04\/08\/gierre-partecipera-al-siferr-2024\/","name":"Gierre liera au SiFerr 2024 - Gierre Scale","isPartOf":{"@id":"https:\/\/www.gierrescale.com\/fr\/#website"},"primaryImageOfPage":{"@id":"https:\/\/www.gierrescale.com\/fr\/2024\/04\/08\/gierre-partecipera-al-siferr-2024\/#primaryimage"},"image":{"@id":"https:\/\/www.gierrescale.com\/fr\/2024\/04\/08\/gierre-partecipera-al-siferr-2024\/#primaryimage"},"thumbnailUrl":"https:\/\/www.gierrescale.com\/wp-content\/uploads\/2025\/05\/BANNER_SITO_1712584108.jpg","datePublished":"2024-04-08T14:16:00+00:00","dateModified":"2025-05-07T18:29:47+00:00","author":{"@id":"https:\/\/www.gierrescale.com\/fr\/#\/schema\/person\/3599ca42acd7af7b522e60b756854692"},"breadcrumb":{"@id":"https:\/\/www.gierrescale.com\/fr\/2024\/04\/08\/gierre-partecipera-al-siferr-2024\/#breadcrumb"},"inLanguage":"fr-FR","potentialAction":[{"@type":"ReadAction","target":["https:\/\/www.gierrescale.com\/fr\/2024\/04\/08\/gierre-partecipera-al-siferr-2024\/"]}]},{"@type":"ImageObject","inLanguage":"fr-FR","@id":"https:\/\/www.gierrescale.com\/fr\/2024\/04\/08\/gierre-partecipera-al-siferr-2024\/#primaryimage","url":"https:\/\/www.gierrescale.com\/wp-content\/uploads\/2025\/05\/BANNER_SITO_1712584108.jpg","contentUrl":"https:\/\/www.gierrescale.com\/wp-content\/uploads\/2025\/05\/BANNER_SITO_1712584108.jpg","width":1100,"height":550},{"@type":"BreadcrumbList","@id":"https:\/\/www.gierrescale.com\/fr\/2024\/04\/08\/gierre-partecipera-al-siferr-2024\/#breadcrumb","itemListElement":[{"@type":"ListItem","position":1,"name":"Home","item":"https:\/\/www.gierrescale.com\/fr\/"},{"@type":"ListItem","position":2,"name":"Gierre liera au SiFerr 2024"}]},{"@type":"WebSite","@id":"https:\/\/www.gierrescale.com\/fr\/#website","url":"https:\/\/www.gierrescale.com\/fr\/","name":"Gierre Scale","description":"Italiani, produttori e pionieri, dal 1980","potentialAction":[{"@type":"SearchAction","target":{"@type":"EntryPoint","urlTemplate":"https:\/\/www.gierrescale.com\/fr\/?s={search_term_string}"},"query-input":"required name=search_term_string"}],"inLanguage":"fr-FR"},{"@type":"Person","@id":"https:\/\/www.gierrescale.com\/fr\/#\/schema\/person\/3599ca42acd7af7b522e60b756854692","name":"Federico Anelli","image":{"@type":"ImageObject","inLanguage":"fr-FR","@id":"https:\/\/www.gierrescale.com\/fr\/#\/schema\/person\/image\/","url":"https:\/\/secure.gravatar.com\/avatar\/a5457a3a524e2a11a88c89191bca0b628b1ae1668dc42dadffd00b25b52af30e?s=96&d=mm&r=g","contentUrl":"https:\/\/secure.gravatar.com\/avatar\/a5457a3a524e2a11a88c89191bca0b628b1ae1668dc42dadffd00b25b52af30e?s=96&d=mm&r=g","caption":"Federico Anelli"},"url":"https:\/\/www.gierrescale.com\/fr\/author\/federico\/"}]}},"_links":{"self":[{"href":"https:\/\/www.gierrescale.com\/fr\/wp-json\/wp\/v2\/posts\/12081","targetHints":{"allow":["GET"]}}],"collection":[{"href":"https:\/\/www.gierrescale.com\/fr\/wp-json\/wp\/v2\/posts"}],"about":[{"href":"https:\/\/www.gierrescale.com\/fr\/wp-json\/wp\/v2\/types\/post"}],"author":[{"embeddable":true,"href":"https:\/\/www.gierrescale.com\/fr\/wp-json\/wp\/v2\/users\/2"}],"replies":[{"embeddable":true,"href":"https:\/\/www.gierrescale.com\/fr\/wp-json\/wp\/v2\/comments?post=12081"}],"version-history":[{"count":1,"href":"https:\/\/www.gierrescale.com\/fr\/wp-json\/wp\/v2\/posts\/12081\/revisions"}],"predecessor-version":[{"id":12083,"href":"https:\/\/www.gierrescale.com\/fr\/wp-json\/wp\/v2\/posts\/12081\/revisions\/12083"}],"wp:featuredmedia":[{"embeddable":true,"href":"https:\/\/www.gierrescale.com\/fr\/wp-json\/wp\/v2\/media\/11856"}],"wp:attachment":[{"href":"https:\/\/www.gierrescale.com\/fr\/wp-json\/wp\/v2\/media?parent=12081"}],"wp:term":[{"taxonomy":"category","embeddable":true,"href":"https:\/\/www.gierrescale.com\/fr\/wp-json\/wp\/v2\/categories?post=12081"},{"taxonomy":"post_tag","embeddable":true,"href":"https:\/\/www.gierrescale.com\/fr\/wp-json\/wp\/v2\/tags?post=12081"}],"curies":[{"name":"wp","href":"https:\/\/api.w.org\/{rel}","templated":true}]}}