{"id":12075,"date":"2024-04-30T14:16:00","date_gmt":"2024-04-30T14:16:00","guid":{"rendered":"https:\/\/gierrescale.com\/2024\/04\/30\/saremo-presenti-allartigiano-domani-2024\/"},"modified":"2025-05-07T18:22:17","modified_gmt":"2025-05-07T18:22:17","slug":"saremo-presenti-allartigiano-domani-2024","status":"publish","type":"post","link":"https:\/\/www.gierrescale.com\/fr\/2024\/04\/30\/saremo-presenti-allartigiano-domani-2024\/","title":{"rendered":"Nous sommes pr\u00e9sents \u00e0 Artigiano Domani 2024"},"content":{"rendered":"\n<p>Gierre participera \u00e0 Artigiano Domani, qui se tiendra du 10 au 12 mai \u00e0 Figino Serenza (CO) au lieu Tessitura.<\/p>\n\n\n\n<p>Les nouveaut\u00e9s 2024 seront pr\u00e9sent\u00e9es:<\/p>\n\n\n\n<p>Les nouvelles \u00e9chelles professionnelles avec des bords renforc\u00e9s, ultra-l\u00e9g\u00e8res, avec des crochets et des \u00e9chelons indestructibles, con\u00e7ues pour r\u00e9sister \u00e0 une utilisation intensive gr\u00e2ce au choix de mat\u00e9riaux tels que les articulations en acier galvanis\u00e9 avec des nervures de renforcement et des plateformes en acier moul\u00e9 pour une robustesse et une stabilit\u00e9 accrues.<\/p>\n\n\n\n<p>La nouvelle gamme de tabourets, tant pour les professionnels que pour le bricolage.<\/p>\n\n\n\n<p>En plus de ces nouveaux produits, nous exposerons nos produits classiques et les plus appr\u00e9ci\u00e9s sur le march\u00e9 italien: \u00e9chafaudages, tours mobiles, et \u00e9chelles transformables.<\/p>\n\n\n\n<p>La foire sera ouverte le vendredi 10, le samedi 11, et le dimanche 12 mai 2024, aux heures suivantes:<\/p>\n\n\n\n<p>Vendredi 10, de 16h30 \u00e0 22h00.<\/p>\n\n\n\n<p>Samedi 11, de 10h00 \u00e0 22h00.<\/p>\n\n\n\n<p>Dimanche 12, de 10h00 \u00e0 22h00.<\/p>\n\n\n\n<p>Nous vous attendons avec impatience!<\/p>\n","protected":false},"excerpt":{"rendered":"<p>Gierre participera \u00e0 Artigiano Domani, qui se tiendra du 10 au 12 mai \u00e0 Figino Serenza (CO) au lieu Tessitura. Les nouveaut\u00e9s 2024 seront pr\u00e9sent\u00e9es: Les nouvelles \u00e9chelles professionnelles avec des bords renforc\u00e9s, ultra-l\u00e9g\u00e8res, avec des crochets et des \u00e9chelons indestructibles, con\u00e7ues pour r\u00e9sister \u00e0 une utilisation intensive gr\u00e2ce au choix de mat\u00e9riaux tels que [&hellip;]<\/p>\n","protected":false},"author":2,"featured_media":11852,"comment_status":"open","ping_status":"open","sticky":false,"template":"","format":"standard","meta":{"_acf_changed":false,"footnotes":""},"categories":[4],"tags":[],"class_list":["post-12075","post","type-post","status-publish","format-standard","has-post-thumbnail","hentry","category-non-categorise"],"acf":[],"yoast_head":"<!-- This site is optimized with the Yoast SEO plugin v23.0 - https:\/\/yoast.com\/wordpress\/plugins\/seo\/ -->\n<title>Nous sommes pr\u00e9sents \u00e0 Artigiano Domani 2024 - Gierre Scale<\/title>\n<meta name=\"robots\" content=\"index, follow, max-snippet:-1, max-image-preview:large, max-video-preview:-1\" \/>\n<link rel=\"canonical\" href=\"https:\/\/www.gierrescale.com\/fr\/2024\/04\/30\/saremo-presenti-allartigiano-domani-2024\/\" \/>\n<meta property=\"og:locale\" content=\"fr_FR\" \/>\n<meta property=\"og:type\" content=\"article\" \/>\n<meta property=\"og:title\" content=\"Nous sommes pr\u00e9sents \u00e0 Artigiano Domani 2024 - Gierre Scale\" \/>\n<meta property=\"og:description\" content=\"Gierre participera \u00e0 Artigiano Domani, qui se tiendra du 10 au 12 mai \u00e0 Figino Serenza (CO) au lieu Tessitura. Les nouveaut\u00e9s 2024 seront pr\u00e9sent\u00e9es: Les nouvelles \u00e9chelles professionnelles avec des bords renforc\u00e9s, ultra-l\u00e9g\u00e8res, avec des crochets et des \u00e9chelons indestructibles, con\u00e7ues pour r\u00e9sister \u00e0 une utilisation intensive gr\u00e2ce au choix de mat\u00e9riaux tels que [&hellip;]\" \/>\n<meta property=\"og:url\" content=\"https:\/\/www.gierrescale.com\/fr\/2024\/04\/30\/saremo-presenti-allartigiano-domani-2024\/\" \/>\n<meta property=\"og:site_name\" content=\"Gierre Scale\" \/>\n<meta property=\"article:published_time\" content=\"2024-04-30T14:16:00+00:00\" \/>\n<meta property=\"article:modified_time\" content=\"2025-05-07T18:22:17+00:00\" \/>\n<meta property=\"og:image\" content=\"https:\/\/www.gierrescale.com\/wp-content\/uploads\/2025\/05\/Progetto-senza-titolo_1714477371.png\" \/>\n\t<meta property=\"og:image:width\" content=\"1100\" \/>\n\t<meta property=\"og:image:height\" content=\"550\" \/>\n\t<meta property=\"og:image:type\" content=\"image\/png\" \/>\n<meta name=\"author\" content=\"Federico Anelli\" \/>\n<meta name=\"twitter:card\" content=\"summary_large_image\" \/>\n<meta name=\"twitter:label1\" content=\"Written by\" \/>\n\t<meta name=\"twitter:data1\" content=\"Federico Anelli\" \/>\n\t<meta name=\"twitter:label2\" content=\"Est. reading time\" \/>\n\t<meta name=\"twitter:data2\" content=\"2 minutes\" \/>\n<script type=\"application\/ld+json\" class=\"yoast-schema-graph\">{\"@context\":\"https:\/\/schema.org\",\"@graph\":[{\"@type\":\"WebPage\",\"@id\":\"https:\/\/www.gierrescale.com\/fr\/2024\/04\/30\/saremo-presenti-allartigiano-domani-2024\/\",\"url\":\"https:\/\/www.gierrescale.com\/fr\/2024\/04\/30\/saremo-presenti-allartigiano-domani-2024\/\",\"name\":\"Nous sommes pr\u00e9sents \u00e0 Artigiano Domani 2024 - Gierre Scale\",\"isPartOf\":{\"@id\":\"https:\/\/www.gierrescale.com\/fr\/#website\"},\"primaryImageOfPage\":{\"@id\":\"https:\/\/www.gierrescale.com\/fr\/2024\/04\/30\/saremo-presenti-allartigiano-domani-2024\/#primaryimage\"},\"image\":{\"@id\":\"https:\/\/www.gierrescale.com\/fr\/2024\/04\/30\/saremo-presenti-allartigiano-domani-2024\/#primaryimage\"},\"thumbnailUrl\":\"https:\/\/www.gierrescale.com\/wp-content\/uploads\/2025\/05\/Progetto-senza-titolo_1714477371.png\",\"datePublished\":\"2024-04-30T14:16:00+00:00\",\"dateModified\":\"2025-05-07T18:22:17+00:00\",\"author\":{\"@id\":\"https:\/\/www.gierrescale.com\/fr\/#\/schema\/person\/3599ca42acd7af7b522e60b756854692\"},\"breadcrumb\":{\"@id\":\"https:\/\/www.gierrescale.com\/fr\/2024\/04\/30\/saremo-presenti-allartigiano-domani-2024\/#breadcrumb\"},\"inLanguage\":\"fr-FR\",\"potentialAction\":[{\"@type\":\"ReadAction\",\"target\":[\"https:\/\/www.gierrescale.com\/fr\/2024\/04\/30\/saremo-presenti-allartigiano-domani-2024\/\"]}]},{\"@type\":\"ImageObject\",\"inLanguage\":\"fr-FR\",\"@id\":\"https:\/\/www.gierrescale.com\/fr\/2024\/04\/30\/saremo-presenti-allartigiano-domani-2024\/#primaryimage\",\"url\":\"https:\/\/www.gierrescale.com\/wp-content\/uploads\/2025\/05\/Progetto-senza-titolo_1714477371.png\",\"contentUrl\":\"https:\/\/www.gierrescale.com\/wp-content\/uploads\/2025\/05\/Progetto-senza-titolo_1714477371.png\",\"width\":1100,\"height\":550},{\"@type\":\"BreadcrumbList\",\"@id\":\"https:\/\/www.gierrescale.com\/fr\/2024\/04\/30\/saremo-presenti-allartigiano-domani-2024\/#breadcrumb\",\"itemListElement\":[{\"@type\":\"ListItem\",\"position\":1,\"name\":\"Home\",\"item\":\"https:\/\/www.gierrescale.com\/fr\/\"},{\"@type\":\"ListItem\",\"position\":2,\"name\":\"Nous sommes pr\u00e9sents \u00e0 Artigiano Domani 2024\"}]},{\"@type\":\"WebSite\",\"@id\":\"https:\/\/www.gierrescale.com\/fr\/#website\",\"url\":\"https:\/\/www.gierrescale.com\/fr\/\",\"name\":\"Gierre Scale\",\"description\":\"Italiani, produttori e pionieri, dal 1980\",\"potentialAction\":[{\"@type\":\"SearchAction\",\"target\":{\"@type\":\"EntryPoint\",\"urlTemplate\":\"https:\/\/www.gierrescale.com\/fr\/?s={search_term_string}\"},\"query-input\":\"required name=search_term_string\"}],\"inLanguage\":\"fr-FR\"},{\"@type\":\"Person\",\"@id\":\"https:\/\/www.gierrescale.com\/fr\/#\/schema\/person\/3599ca42acd7af7b522e60b756854692\",\"name\":\"Federico Anelli\",\"image\":{\"@type\":\"ImageObject\",\"inLanguage\":\"fr-FR\",\"@id\":\"https:\/\/www.gierrescale.com\/fr\/#\/schema\/person\/image\/\",\"url\":\"https:\/\/secure.gravatar.com\/avatar\/a5457a3a524e2a11a88c89191bca0b628b1ae1668dc42dadffd00b25b52af30e?s=96&d=mm&r=g\",\"contentUrl\":\"https:\/\/secure.gravatar.com\/avatar\/a5457a3a524e2a11a88c89191bca0b628b1ae1668dc42dadffd00b25b52af30e?s=96&d=mm&r=g\",\"caption\":\"Federico Anelli\"},\"url\":\"https:\/\/www.gierrescale.com\/fr\/author\/federico\/\"}]}<\/script>\n<!-- \/ Yoast SEO plugin. -->","yoast_head_json":{"title":"Nous sommes pr\u00e9sents \u00e0 Artigiano Domani 2024 - Gierre Scale","robots":{"index":"index","follow":"follow","max-snippet":"max-snippet:-1","max-image-preview":"max-image-preview:large","max-video-preview":"max-video-preview:-1"},"canonical":"https:\/\/www.gierrescale.com\/fr\/2024\/04\/30\/saremo-presenti-allartigiano-domani-2024\/","og_locale":"fr_FR","og_type":"article","og_title":"Nous sommes pr\u00e9sents \u00e0 Artigiano Domani 2024 - Gierre Scale","og_description":"Gierre participera \u00e0 Artigiano Domani, qui se tiendra du 10 au 12 mai \u00e0 Figino Serenza (CO) au lieu Tessitura. Les nouveaut\u00e9s 2024 seront pr\u00e9sent\u00e9es: Les nouvelles \u00e9chelles professionnelles avec des bords renforc\u00e9s, ultra-l\u00e9g\u00e8res, avec des crochets et des \u00e9chelons indestructibles, con\u00e7ues pour r\u00e9sister \u00e0 une utilisation intensive gr\u00e2ce au choix de mat\u00e9riaux tels que [&hellip;]","og_url":"https:\/\/www.gierrescale.com\/fr\/2024\/04\/30\/saremo-presenti-allartigiano-domani-2024\/","og_site_name":"Gierre Scale","article_published_time":"2024-04-30T14:16:00+00:00","article_modified_time":"2025-05-07T18:22:17+00:00","og_image":[{"width":1100,"height":550,"url":"https:\/\/www.gierrescale.com\/wp-content\/uploads\/2025\/05\/Progetto-senza-titolo_1714477371.png","type":"image\/png"}],"author":"Federico Anelli","twitter_card":"summary_large_image","twitter_misc":{"Written by":"Federico Anelli","Est. reading time":"2 minutes"},"schema":{"@context":"https:\/\/schema.org","@graph":[{"@type":"WebPage","@id":"https:\/\/www.gierrescale.com\/fr\/2024\/04\/30\/saremo-presenti-allartigiano-domani-2024\/","url":"https:\/\/www.gierrescale.com\/fr\/2024\/04\/30\/saremo-presenti-allartigiano-domani-2024\/","name":"Nous sommes pr\u00e9sents \u00e0 Artigiano Domani 2024 - Gierre Scale","isPartOf":{"@id":"https:\/\/www.gierrescale.com\/fr\/#website"},"primaryImageOfPage":{"@id":"https:\/\/www.gierrescale.com\/fr\/2024\/04\/30\/saremo-presenti-allartigiano-domani-2024\/#primaryimage"},"image":{"@id":"https:\/\/www.gierrescale.com\/fr\/2024\/04\/30\/saremo-presenti-allartigiano-domani-2024\/#primaryimage"},"thumbnailUrl":"https:\/\/www.gierrescale.com\/wp-content\/uploads\/2025\/05\/Progetto-senza-titolo_1714477371.png","datePublished":"2024-04-30T14:16:00+00:00","dateModified":"2025-05-07T18:22:17+00:00","author":{"@id":"https:\/\/www.gierrescale.com\/fr\/#\/schema\/person\/3599ca42acd7af7b522e60b756854692"},"breadcrumb":{"@id":"https:\/\/www.gierrescale.com\/fr\/2024\/04\/30\/saremo-presenti-allartigiano-domani-2024\/#breadcrumb"},"inLanguage":"fr-FR","potentialAction":[{"@type":"ReadAction","target":["https:\/\/www.gierrescale.com\/fr\/2024\/04\/30\/saremo-presenti-allartigiano-domani-2024\/"]}]},{"@type":"ImageObject","inLanguage":"fr-FR","@id":"https:\/\/www.gierrescale.com\/fr\/2024\/04\/30\/saremo-presenti-allartigiano-domani-2024\/#primaryimage","url":"https:\/\/www.gierrescale.com\/wp-content\/uploads\/2025\/05\/Progetto-senza-titolo_1714477371.png","contentUrl":"https:\/\/www.gierrescale.com\/wp-content\/uploads\/2025\/05\/Progetto-senza-titolo_1714477371.png","width":1100,"height":550},{"@type":"BreadcrumbList","@id":"https:\/\/www.gierrescale.com\/fr\/2024\/04\/30\/saremo-presenti-allartigiano-domani-2024\/#breadcrumb","itemListElement":[{"@type":"ListItem","position":1,"name":"Home","item":"https:\/\/www.gierrescale.com\/fr\/"},{"@type":"ListItem","position":2,"name":"Nous sommes pr\u00e9sents \u00e0 Artigiano Domani 2024"}]},{"@type":"WebSite","@id":"https:\/\/www.gierrescale.com\/fr\/#website","url":"https:\/\/www.gierrescale.com\/fr\/","name":"Gierre Scale","description":"Italiani, produttori e pionieri, dal 1980","potentialAction":[{"@type":"SearchAction","target":{"@type":"EntryPoint","urlTemplate":"https:\/\/www.gierrescale.com\/fr\/?s={search_term_string}"},"query-input":"required name=search_term_string"}],"inLanguage":"fr-FR"},{"@type":"Person","@id":"https:\/\/www.gierrescale.com\/fr\/#\/schema\/person\/3599ca42acd7af7b522e60b756854692","name":"Federico Anelli","image":{"@type":"ImageObject","inLanguage":"fr-FR","@id":"https:\/\/www.gierrescale.com\/fr\/#\/schema\/person\/image\/","url":"https:\/\/secure.gravatar.com\/avatar\/a5457a3a524e2a11a88c89191bca0b628b1ae1668dc42dadffd00b25b52af30e?s=96&d=mm&r=g","contentUrl":"https:\/\/secure.gravatar.com\/avatar\/a5457a3a524e2a11a88c89191bca0b628b1ae1668dc42dadffd00b25b52af30e?s=96&d=mm&r=g","caption":"Federico Anelli"},"url":"https:\/\/www.gierrescale.com\/fr\/author\/federico\/"}]}},"_links":{"self":[{"href":"https:\/\/www.gierrescale.com\/fr\/wp-json\/wp\/v2\/posts\/12075","targetHints":{"allow":["GET"]}}],"collection":[{"href":"https:\/\/www.gierrescale.com\/fr\/wp-json\/wp\/v2\/posts"}],"about":[{"href":"https:\/\/www.gierrescale.com\/fr\/wp-json\/wp\/v2\/types\/post"}],"author":[{"embeddable":true,"href":"https:\/\/www.gierrescale.com\/fr\/wp-json\/wp\/v2\/users\/2"}],"replies":[{"embeddable":true,"href":"https:\/\/www.gierrescale.com\/fr\/wp-json\/wp\/v2\/comments?post=12075"}],"version-history":[{"count":1,"href":"https:\/\/www.gierrescale.com\/fr\/wp-json\/wp\/v2\/posts\/12075\/revisions"}],"predecessor-version":[{"id":12077,"href":"https:\/\/www.gierrescale.com\/fr\/wp-json\/wp\/v2\/posts\/12075\/revisions\/12077"}],"wp:featuredmedia":[{"embeddable":true,"href":"https:\/\/www.gierrescale.com\/fr\/wp-json\/wp\/v2\/media\/11852"}],"wp:attachment":[{"href":"https:\/\/www.gierrescale.com\/fr\/wp-json\/wp\/v2\/media?parent=12075"}],"wp:term":[{"taxonomy":"category","embeddable":true,"href":"https:\/\/www.gierrescale.com\/fr\/wp-json\/wp\/v2\/categories?post=12075"},{"taxonomy":"post_tag","embeddable":true,"href":"https:\/\/www.gierrescale.com\/fr\/wp-json\/wp\/v2\/tags?post=12075"}],"curies":[{"name":"wp","href":"https:\/\/api.w.org\/{rel}","templated":true}]}}